{"id":371,"date":"2019-11-01T12:15:38","date_gmt":"2019-11-01T12:15:38","guid":{"rendered":"http:\/\/koehli.de\/?p=371"},"modified":"2019-11-06T08:11:42","modified_gmt":"2019-11-06T08:11:42","slug":"vorbereitung","status":"publish","type":"post","link":"http:\/\/koehli.de\/?p=371","title":{"rendered":"ARC 2019 &#8211; Vorbereitung &#8230;."},"content":{"rendered":"<p>Lange nicht kommuniziert auf diesem Wege, aber es tut sich was.<\/p>\n<p>Am 22.11.2019 werde ich mir einen gro\u00dfen Wunschtraum erf\u00fcllen und \u00fcber den Atlantik segeln.<\/p>\n<p>Dies tue ich als Teil einer 6-k\u00f6pfigen Chartercrew auf dem Katamaran Baharii mit Skipper Werner im Rahmen des ARC 2019. (https:\/\/world-arc.de\/arc)<\/p>\n<p>Los geht&#8217;s f\u00fcr uns also am 22.November von Grand Canaria aus Richtung Westen. Wenn alles gut geht, dann werden wir nach 15-20 Tagen und 2.700 Seemeilen im Kielwasser die Karibik erreichen, geplant sind entweder St. Lucia oder Barbados.<\/p>\n<p>In den n\u00e4chsten Tagen werde ich wohl noch mit Vorbereitungen besch\u00e4ftigt sein, einiges dar\u00fcber werde ich hier kund tun. Einen ausf\u00fchrlichen Bericht \u00fcber die Reise gibt es erst wenn ich zur\u00fcck bin &#8230; falls ich \u00fcberhaupt wieder zur\u00fcck komme. Geplant ist dies am 24.12.2019 &#8230; also p\u00fcnktlich zur Bescherung.<\/p>\n<p>Wen das Boot interessiert, der kann auf dieser Site einiges dazu finden:<\/p>\n<p>https:\/\/sail4dive.de<\/p>\n<p>Bis sp\u00e4ter<\/p>\n<p>&nbsp;<\/p>\n<p>K\u00f6hli<\/p>\n","protected":false},"excerpt":{"rendered":"<p>Lange nicht kommuniziert auf diesem Wege, aber es tut sich was. Am 22.11.2019 werde ich mir einen gro\u00dfen Wunschtraum erf\u00fcllen &hellip; <a href=\"http:\/\/koehli.de\/?p=371\" class=\"tagdiv-more-link\">Read More<span class=\"screen-reader-text\"> &#8222;ARC 2019 &#8211; Vorbereitung &#8230;.&#8220;<\/span><\/a><\/p>\n","protected":false},"author":1,"featured_media":0,"comment_status":"closed","ping_status":"closed","sticky":false,"template":"","format":"standard","meta":[],"categories":[8,6],"tags":[],"_links":{"self":[{"href":"http:\/\/koehli.de\/index.php?rest_route=\/wp\/v2\/posts\/371"}],"collection":[{"href":"http:\/\/koehli.de\/index.php?rest_route=\/wp\/v2\/posts"}],"about":[{"href":"http:\/\/koehli.de\/index.php?rest_route=\/wp\/v2\/types\/post"}],"author":[{"embeddable":true,"href":"http:\/\/koehli.de\/index.php?rest_route=\/wp\/v2\/users\/1"}],"replies":[{"embeddable":true,"href":"http:\/\/koehli.de\/index.php?rest_route=%2Fwp%2Fv2%2Fcomments&post=371"}],"version-history":[{"count":6,"href":"http:\/\/koehli.de\/index.php?rest_route=\/wp\/v2\/posts\/371\/revisions"}],"predecessor-version":[{"id":377,"href":"http:\/\/koehli.de\/index.php?rest_route=\/wp\/v2\/posts\/371\/revisions\/377"}],"wp:attachment":[{"href":"http:\/\/koehli.de\/index.php?rest_route=%2Fwp%2Fv2%2Fmedia&parent=371"}],"wp:term":[{"taxonomy":"category","embeddable":true,"href":"http:\/\/koehli.de\/index.php?rest_route=%2Fwp%2Fv2%2Fcategories&post=371"},{"taxonomy":"post_tag","embeddable":true,"href":"http:\/\/koehli.de\/index.php?rest_route=%2Fwp%2Fv2%2Ftags&post=371"}],"curies":[{"name":"wp","href":"https:\/\/api.w.org\/{rel}","templated":true}]}}