{"id":343,"date":"2017-07-12T21:05:05","date_gmt":"2017-07-12T21:05:05","guid":{"rendered":"http:\/\/koehli.de\/?p=343"},"modified":"2017-07-12T21:10:20","modified_gmt":"2017-07-12T21:10:20","slug":"goudelon-tag-18","status":"publish","type":"post","link":"http:\/\/koehli.de\/?p=343","title":{"rendered":"Goudelon, \u00a0Tag 18"},"content":{"rendered":"<p>Heute war ein guter Tag.<\/p>\n<p>Nach einem ordentlichen Fr\u00fchst\u00fcck ging es auf engen franz\u00f6sischen Nebenstra\u00dfen zum Burgbau-Projekt Goudelon.&nbsp;<\/p>\n<p><a href=\"http:\/\/koehli.de\/wp-content\/uploads\/2017\/07\/wp-image-1029856459.jpg\"><img loading=\"lazy\" src=\"http:\/\/koehli.de\/wp-content\/uploads\/2017\/07\/wp-image-1029856459.jpg\" alt=\"\" class=\"wp-image-336 alignnone size-full\" width=\"563\" height=\"317\"><\/a><\/p>\n<p>Um es vorweg zu nehmen, &nbsp;das Projekt ist phantastisch. Man hat vor dem Besuch dieser St\u00e4tte gelebter Historie gar keine Vorstellung davon wie viel Arbeit so eine Burg im Bau macht&#8230;.. Handarbeit.&nbsp;<\/p>\n<p><a href=\"http:\/\/koehli.de\/wp-content\/uploads\/2017\/07\/wp-image-1560901682.jpg\"><img loading=\"lazy\" src=\"http:\/\/koehli.de\/wp-content\/uploads\/2017\/07\/wp-image-1560901682.jpg\" alt=\"\" class=\"wp-image-337 alignnone size-full\" width=\"640\" height=\"360\"><\/a><\/p>\n<p>Auf dieser Baustelle bekommt man sehr nat\u00fcrlich, &nbsp;gut erkl\u00e4rt und hautnah mit, was die einzelnen Gewerke bei einem solchen Projekt zu tun haben und vor welchen Voraussetzungen sie standen und noch stehen.<\/p>\n<p><a href=\"http:\/\/koehli.de\/wp-content\/uploads\/2017\/07\/wp-image-200420533.jpg\"><img loading=\"lazy\" src=\"http:\/\/koehli.de\/wp-content\/uploads\/2017\/07\/wp-image-200420533.jpg\" alt=\"\" class=\"wp-image-338 alignnone size-full\" width=\"522\" height=\"360\"><\/a><\/p>\n<p>Wir k\u00f6nnen jedem nur empfehlen diese Burg noch im Bau zu besuchen&#8230;. Wir kommen auf alle F\u00e4lle wieder.<\/p>\n<p>Nach dem Burgbesuch, den wir noch ausf\u00fchrlicher beschreiben werden, lag ein langer Schlag vor uns. Das Navi zeigte 547 km bis Stra\u00dfburg an&#8230;. Also auf geht&#8217;s.<span id=\"selectionBoundary_1499893020461_7066320316096426\" class=\"rangySelectionBoundary\" style=\"line-height: 0; display: none;\">\ufeff<\/span><\/p>\n<p><a href=\"http:\/\/koehli.de\/wp-content\/uploads\/2017\/07\/wp-image-804401412.jpg\"><img loading=\"lazy\" src=\"http:\/\/koehli.de\/wp-content\/uploads\/2017\/07\/wp-image-804401412.jpg\" alt=\"\" class=\"wp-image-339 alignnone size-full\" width=\"628\" height=\"354\"><\/a><\/p>\n<p>Die geb\u00fchrenpflichtigen Autobahnen sind gut ausgebaut. Mit nahezu konstanten 130 km\/h kommt man hier auch wirklich gut voran.<\/p>\n<p><a href=\"http:\/\/koehli.de\/wp-content\/uploads\/2017\/07\/wp-image-1172323267.jpg\"><img loading=\"lazy\" src=\"http:\/\/koehli.de\/wp-content\/uploads\/2017\/07\/wp-image-1172323267.jpg\" alt=\"\" class=\"wp-image-340 alignnone size-full\" width=\"640\" height=\"360\"><\/a><\/p>\n<p>In Stra\u00dfburg angekommen galt es nach einer kleinen Aufh\u00fcbschung den besten Flammkuchen der Stadt zu probieren.<\/p>\n<p><a href=\"http:\/\/koehli.de\/wp-content\/uploads\/2017\/07\/wp-image-893806876.jpg\"><img loading=\"lazy\" src=\"http:\/\/koehli.de\/wp-content\/uploads\/2017\/07\/wp-image-893806876.jpg\" alt=\"\" class=\"wp-image-341 alignnone size-full\" width=\"616\" height=\"347\"><\/a><\/p>\n<p>Ob es im Flame&#8217;s tats\u00e4chlich den Besten Flammkuchen gibt, k\u00f6nnen wir nicht urteilen ( es fehlt uns der Vergleich) &nbsp;aber er war auf alle F\u00e4lle sehr sehr gut.<\/p>\n<p><a href=\"http:\/\/koehli.de\/wp-content\/uploads\/2017\/07\/wp-image-1992506077.jpg\"><img loading=\"lazy\" src=\"http:\/\/koehli.de\/wp-content\/uploads\/2017\/07\/wp-image-1992506077.jpg\" alt=\"\" class=\"wp-image-342 alignnone size-full\" width=\"640\" height=\"360\"><\/a><\/p>\n<p>Der anschlie\u00dfende Verdauungsspaziergang zur\u00fcck zum Hotel zeigte uns dann noch eine sehr sch\u00f6ne Seite von Stra\u00dfburg.&nbsp;<\/p>\n","protected":false},"excerpt":{"rendered":"<p>Heute war ein guter Tag. Nach einem ordentlichen Fr\u00fchst\u00fcck ging es auf engen franz\u00f6sischen Nebenstra\u00dfen zum Burgbau-Projekt Goudelon.&nbsp; Um es &hellip; <a href=\"http:\/\/koehli.de\/?p=343\" class=\"tagdiv-more-link\">Read More<span class=\"screen-reader-text\"> &#8222;Goudelon, \u00a0Tag 18&#8220;<\/span><\/a><\/p>\n","protected":false},"author":1,"featured_media":345,"comment_status":"closed","ping_status":"closed","sticky":false,"template":"","format":"standard","meta":[],"categories":[7],"tags":[],"_links":{"self":[{"href":"http:\/\/koehli.de\/index.php?rest_route=\/wp\/v2\/posts\/343"}],"collection":[{"href":"http:\/\/koehli.de\/index.php?rest_route=\/wp\/v2\/posts"}],"about":[{"href":"http:\/\/koehli.de\/index.php?rest_route=\/wp\/v2\/types\/post"}],"author":[{"embeddable":true,"href":"http:\/\/koehli.de\/index.php?rest_route=\/wp\/v2\/users\/1"}],"replies":[{"embeddable":true,"href":"http:\/\/koehli.de\/index.php?rest_route=%2Fwp%2Fv2%2Fcomments&post=343"}],"version-history":[{"count":2,"href":"http:\/\/koehli.de\/index.php?rest_route=\/wp\/v2\/posts\/343\/revisions"}],"predecessor-version":[{"id":346,"href":"http:\/\/koehli.de\/index.php?rest_route=\/wp\/v2\/posts\/343\/revisions\/346"}],"wp:featuredmedia":[{"embeddable":true,"href":"http:\/\/koehli.de\/index.php?rest_route=\/wp\/v2\/media\/345"}],"wp:attachment":[{"href":"http:\/\/koehli.de\/index.php?rest_route=%2Fwp%2Fv2%2Fmedia&parent=343"}],"wp:term":[{"taxonomy":"category","embeddable":true,"href":"http:\/\/koehli.de\/index.php?rest_route=%2Fwp%2Fv2%2Fcategories&post=343"},{"taxonomy":"post_tag","embeddable":true,"href":"http:\/\/koehli.de\/index.php?rest_route=%2Fwp%2Fv2%2Ftags&post=343"}],"curies":[{"name":"wp","href":"https:\/\/api.w.org\/{rel}","templated":true}]}}