{"id":290,"date":"2017-07-08T16:57:28","date_gmt":"2017-07-08T16:57:28","guid":{"rendered":"http:\/\/koehli.de\/?p=290"},"modified":"2017-07-08T17:24:30","modified_gmt":"2017-07-08T17:24:30","slug":"ring-of-kerry-teil-2-das-erwachen-der-macht-tag-14","status":"publish","type":"post","link":"http:\/\/koehli.de\/?p=290","title":{"rendered":"Ring of Kerry Teil 2&#8230; Das Erwachen der Macht&#8230; Tag 14"},"content":{"rendered":"<p>Nach einer sehr ruhigen Nacht und einem Aufwachen mit toller Aussicht war als erster Punkt &#8222;Fr\u00fchst\u00fcck&#8220; an der Tagesordnung. &nbsp;<\/p>\n<p><a href=\"http:\/\/koehli.de\/wp-content\/uploads\/2017\/07\/wp-image-1020819125.jpg\"><img loading=\"lazy\" src=\"http:\/\/koehli.de\/wp-content\/uploads\/2017\/07\/wp-image-1020819125.jpg\" alt=\"\" class=\"wp-image-293 alignnone size-full\" width=\"1000\" height=\"750\"><\/a><\/p>\n<p>Neben der immer wieder \u00fcberw\u00e4ltigenden Aussicht \u00fcberzeugte heute auch das Wetter, 23 Grad, Heiter bis sonnig, kaum Wind.<\/p>\n<p><a href=\"http:\/\/koehli.de\/wp-content\/uploads\/2017\/07\/wp-image-984982281.jpg\"><img loading=\"lazy\" src=\"http:\/\/koehli.de\/wp-content\/uploads\/2017\/07\/wp-image-984982281.jpg\" alt=\"\" class=\"wp-image-294 alignnone size-full\" width=\"1000\" height=\"220\"><\/a><\/p>\n<p>Gest\u00e4rkt ging es auf Tour und wir hatten keine Ahnung was uns erwartete. Zuerst steuerten wir die Kerry Cliffs an.<\/p>\n<p><a href=\"http:\/\/koehli.de\/wp-content\/uploads\/2017\/07\/wp-image-144939188.jpg\"><img loading=\"lazy\" src=\"http:\/\/koehli.de\/wp-content\/uploads\/2017\/07\/wp-image-144939188.jpg\" alt=\"\" class=\"wp-image-295 alignnone size-full\" width=\"640\" height=\"360\"><\/a><\/p>\n<p>So eine beeindruckende An- bzw. Aussicht war schon genial. Die Bilder k\u00f6nnen den Real-World-Eindruck kaum wiedergeben&#8230;..Einige Schnappsch\u00fcsse sollen es dennoch versuchen.&nbsp;<\/p>\n<p><a href=\"http:\/\/koehli.de\/wp-content\/uploads\/2017\/07\/wp-image-282545782.jpg\"><img loading=\"lazy\" src=\"http:\/\/koehli.de\/wp-content\/uploads\/2017\/07\/wp-image-282545782.jpg\" alt=\"\" class=\"wp-image-296 alignnone size-full\" width=\"640\" height=\"360\"><\/a><\/p>\n<p><a href=\"http:\/\/koehli.de\/wp-content\/uploads\/2017\/07\/wp-image-1097774690.jpg\"><img loading=\"lazy\" src=\"http:\/\/koehli.de\/wp-content\/uploads\/2017\/07\/wp-image-1097774690.jpg\" alt=\"\" class=\"wp-image-303 alignnone size-full\" width=\"640\" height=\"360\"><\/a><\/p>\n<p>Von den Klippen, die ganz nebenbei auch den Umkehrpunkt unserer Reise darstellten, ging es weiter auf dieser pr\u00e4chtigen Panoramastra\u00dfe.&nbsp;<\/p>\n<p><a href=\"http:\/\/koehli.de\/wp-content\/uploads\/2017\/07\/wp-image-324012839.jpg\"><img loading=\"lazy\" src=\"http:\/\/koehli.de\/wp-content\/uploads\/2017\/07\/wp-image-324012839.jpg\" alt=\"\" class=\"wp-image-298 alignnone size-full\" width=\"640\" height=\"360\"><\/a><\/p>\n<p>Immer wider luden kleine Parkbuchten ein zum Verweilen und Fotografieren. Zum Gl\u00fcck muss man heutzutage keine Filme mehr wechseln und hat gut dimensionierte Speicherkarten&#8230;.&nbsp;<\/p>\n<p>Ein Zwischenhalt war der Drehort f\u00fcr einige Szenen des Star Wars Films &#8222;Das Erwachen der Macht&#8220; &nbsp;allerdings haben wir keinen Jedi getroffen&#8230;. Es ist halt auch in Irland Wochenende, &nbsp;da haben die Jedi frei.<\/p>\n<p><a href=\"http:\/\/koehli.de\/wp-content\/uploads\/2017\/07\/wp-image-1210277208.jpg\"><img loading=\"lazy\" src=\"http:\/\/koehli.de\/wp-content\/uploads\/2017\/07\/wp-image-1210277208.jpg\" alt=\"\" class=\"wp-image-299 alignnone size-full\" width=\"640\" height=\"360\"><\/a><\/p>\n<p>Immer weiter auf der N70 \/ N71 (das ist der Ring of Kerry) &nbsp;geht es von der K\u00fcste quasi l\u00fcckenlos in den Nationalpark von Killnary. &nbsp;<\/p>\n<p><a href=\"http:\/\/koehli.de\/wp-content\/uploads\/2017\/07\/wp-image-1703636454.jpg\"><img loading=\"lazy\" src=\"http:\/\/koehli.de\/wp-content\/uploads\/2017\/07\/wp-image-1703636454.jpg\" alt=\"\" class=\"wp-image-300 alignnone size-full\" width=\"640\" height=\"360\"><\/a><\/p>\n<p>Auch hier gab es Filmdrehorte zu sehen, so wurden Szenen der Highlander Saga hier gedreht&#8230;. &nbsp;Schon witzig, dass ein schottisches Thema in Irland verfilmt wird.<\/p>\n<p><a href=\"http:\/\/koehli.de\/wp-content\/uploads\/2017\/07\/wp-image-368627669.jpg\"><img loading=\"lazy\" src=\"http:\/\/koehli.de\/wp-content\/uploads\/2017\/07\/wp-image-368627669.jpg\" alt=\"\" class=\"wp-image-304 alignnone size-full\" width=\"533\" height=\"360\"><\/a><\/p>\n<p>Am Ende der heutigen Tour sind wir im Holiday Inn in Killnary untergekommen&#8230; &nbsp;Morgen geht es weiter in kleinen Schritten Richtung Heimat.<\/p>\n<p><a href=\"http:\/\/koehli.de\/wp-content\/uploads\/2017\/07\/wp-image-1104810193.jpg\"><img loading=\"lazy\" src=\"http:\/\/koehli.de\/wp-content\/uploads\/2017\/07\/wp-image-1104810193.jpg\" alt=\"\" class=\"wp-image-305 alignnone size-full\" width=\"640\" height=\"360\"><\/a><\/p>\n<p>Noch ein Wort zum Verkehr. Der Ring ist wirklich stellenweise sehr, sehr schmal und der Touristenverkehr mit gro\u00dfen Reisebussen wird wirklich heikel. Das dies eine echte Gefahr darstellt haben wir heute erlebt. Ein VW T5 zwei Fahrzeuge vor uns ( ein Ire) verlor seinen R\u00fcckspiegel durch ein entgegenkommendes Wohnmobil (ein Holl\u00e4nder) weil dieses nicht weit genug links fuhr. &nbsp;Das Wohnmobil hielt es noch nicht mal f\u00fcr n\u00f6tig anzuhalten. &nbsp;<\/p>\n<p>Unser T5 ist nach wie vor heile und bringt uns wirklich gut durch halb Europa&#8230;. Danke Bulli.<\/p>\n","protected":false},"excerpt":{"rendered":"<p>Nach einer sehr ruhigen Nacht und einem Aufwachen mit toller Aussicht war als erster Punkt &#8222;Fr\u00fchst\u00fcck&#8220; an der Tagesordnung. &nbsp; &hellip; <a href=\"http:\/\/koehli.de\/?p=290\" class=\"tagdiv-more-link\">Read More<span class=\"screen-reader-text\"> &#8222;Ring of Kerry Teil 2&#8230; Das Erwachen der Macht&#8230; Tag 14&#8220;<\/span><\/a><\/p>\n","protected":false},"author":1,"featured_media":307,"comment_status":"closed","ping_status":"closed","sticky":false,"template":"","format":"standard","meta":[],"categories":[7],"tags":[],"_links":{"self":[{"href":"http:\/\/koehli.de\/index.php?rest_route=\/wp\/v2\/posts\/290"}],"collection":[{"href":"http:\/\/koehli.de\/index.php?rest_route=\/wp\/v2\/posts"}],"about":[{"href":"http:\/\/koehli.de\/index.php?rest_route=\/wp\/v2\/types\/post"}],"author":[{"embeddable":true,"href":"http:\/\/koehli.de\/index.php?rest_route=\/wp\/v2\/users\/1"}],"replies":[{"embeddable":true,"href":"http:\/\/koehli.de\/index.php?rest_route=%2Fwp%2Fv2%2Fcomments&post=290"}],"version-history":[{"count":4,"href":"http:\/\/koehli.de\/index.php?rest_route=\/wp\/v2\/posts\/290\/revisions"}],"predecessor-version":[{"id":308,"href":"http:\/\/koehli.de\/index.php?rest_route=\/wp\/v2\/posts\/290\/revisions\/308"}],"wp:featuredmedia":[{"embeddable":true,"href":"http:\/\/koehli.de\/index.php?rest_route=\/wp\/v2\/media\/307"}],"wp:attachment":[{"href":"http:\/\/koehli.de\/index.php?rest_route=%2Fwp%2Fv2%2Fmedia&parent=290"}],"wp:term":[{"taxonomy":"category","embeddable":true,"href":"http:\/\/koehli.de\/index.php?rest_route=%2Fwp%2Fv2%2Fcategories&post=290"},{"taxonomy":"post_tag","embeddable":true,"href":"http:\/\/koehli.de\/index.php?rest_route=%2Fwp%2Fv2%2Ftags&post=290"}],"curies":[{"name":"wp","href":"https:\/\/api.w.org\/{rel}","templated":true}]}}