{"id":264,"date":"2017-07-05T21:13:53","date_gmt":"2017-07-05T21:13:53","guid":{"rendered":"http:\/\/koehli.de\/?p=264"},"modified":"2017-07-05T21:13:53","modified_gmt":"2017-07-05T21:13:53","slug":"ueber-hollywood-in-den-suedwesten-tag-11","status":"publish","type":"post","link":"http:\/\/koehli.de\/?p=264","title":{"rendered":"\u00dcber Hollywood in den S\u00fcdwesten&#8230;. Tag 11"},"content":{"rendered":"<p>Heute galt es Abschied nehmen vom Pferdehof. Nach der letzten Nacht (im Bulli) war es daran zusammen zu packen und aufzubrechen.&nbsp;<\/p>\n<p>Die letzte W\u00e4sche wurde zum Trocknen noch in die Morgensonne geh\u00e4ngt und dann ging es endlich los.<\/p>\n<p><a href=\"http:\/\/koehli.de\/wp-content\/uploads\/2017\/07\/wp-image-1012610521.jpg\"><img loading=\"lazy\" src=\"http:\/\/koehli.de\/wp-content\/uploads\/2017\/07\/wp-image-1012610521.jpg\" alt=\"\" class=\"wp-image-259 alignnone size-full\" width=\"640\" height=\"360\"><\/a><\/p>\n<p>An dieser Stelle nochmals vielen Dank an die Familie Clissmann, &nbsp;es war eine tolle Zeit.&nbsp;<\/p>\n<p><img src=\"http:\/\/koehli.de\/wp-content\/uploads\/2017\/07\/wp-image-1856460962.jpg\" class=\"wp-image-395 alignnone size-full\"><br \/>\n<span style=\"font-size: 16px;\">F\u00fcr die Fahrt nach Limerick habe ich die langsame aber direkte Route durch die Wicklow Mountains gew\u00e4hlt. Es war nochmal sehr sch\u00f6n die Berge zu passieren.&nbsp;<\/span><br \/>\n<img src=\"http:\/\/koehli.de\/wp-content\/uploads\/2017\/07\/wp-image-1519397001.jpg\" class=\"wp-image-396 alignnone size-full\"><br \/>\n<span style=\"font-size: 16px;\">So kamen wir auch nach Hollywood, &nbsp;einen klitzekleinen Dorf am Ende der Mountains. Damit hab ich meine S\u00f6hne nach Hollywood gebracht&#8230;. Welcher Vater kann da\u00df schon behaupten.&nbsp;<\/span><br \/>\n<img src=\"http:\/\/koehli.de\/wp-content\/uploads\/2017\/07\/wp-image-316213766.jpg\" class=\"wp-image-397 alignnone size-full\"><br \/>\n<span style=\"font-size: 16px;\">Nach den Mountains wurde das Land flacher, immernoch h\u00fcgelig aber deutlich flacher. Die Rinderweiden wurden langsam durch gro\u00dfe Gest\u00fctte und Golfpl\u00e4tze links und rechts der Stra\u00dfe abgel\u00f6st.&nbsp;<\/span><br \/>\n<img src=\"http:\/\/koehli.de\/wp-content\/uploads\/2017\/07\/wp-image-1526518293.jpg\" class=\"wp-image-398 alignnone size-full\"><br \/>\n<span style=\"font-size: 16px;\">Ab und zu f\u00e4hrt man so auch mal durch eine Schafherde die es sich an der Stra\u00dfe links und rechts gem\u00fctlich gemacht hat.<\/span><br \/>\n<img src=\"http:\/\/koehli.de\/wp-content\/uploads\/2017\/07\/wp-image-259481301.jpg\" class=\"wp-image-401 alignnone size-full\"><span style=\"font-size: 16px;\"><br \/>\n<\/span><\/p>\n<p><span style=\"font-size: 16px;\">Das Quartier schlagen wir heute in Limerick auf. Es ist keine besondere Stadt. Auch hier einiges an altem Gem\u00e4uer, &nbsp;eine Sehensw\u00fcrdigkeit ist das King John Castle, &nbsp;das besichtigen wir morgen.<\/span><\/p>\n<p><a href=\"http:\/\/koehli.de\/wp-content\/uploads\/2017\/07\/wp-image-201214061.jpg\"><img loading=\"lazy\" src=\"http:\/\/koehli.de\/wp-content\/uploads\/2017\/07\/wp-image-201214061.jpg\" alt=\"\" class=\"wp-image-263 alignnone size-full\" width=\"640\" height=\"360\"><\/a><\/p>\n<p>Bei Burger, &nbsp;Guinness und der Planung f\u00fcr die n\u00e4chsten Tage klingt der Abend aus.<\/p>\n<p><img src=\"http:\/\/koehli.de\/wp-content\/uploads\/2017\/07\/wp-image-422538373.jpg\" class=\"wp-image-402 alignnone size-full\"><\/p>\n","protected":false},"excerpt":{"rendered":"<p>Heute galt es Abschied nehmen vom Pferdehof. Nach der letzten Nacht (im Bulli) war es daran zusammen zu packen und &hellip; <a href=\"http:\/\/koehli.de\/?p=264\" class=\"tagdiv-more-link\">Read More<span class=\"screen-reader-text\"> &#8222;\u00dcber Hollywood in den S\u00fcdwesten&#8230;. Tag 11&#8220;<\/span><\/a><\/p>\n","protected":false},"author":1,"featured_media":263,"comment_status":"closed","ping_status":"closed","sticky":false,"template":"","format":"standard","meta":[],"categories":[7],"tags":[],"_links":{"self":[{"href":"http:\/\/koehli.de\/index.php?rest_route=\/wp\/v2\/posts\/264"}],"collection":[{"href":"http:\/\/koehli.de\/index.php?rest_route=\/wp\/v2\/posts"}],"about":[{"href":"http:\/\/koehli.de\/index.php?rest_route=\/wp\/v2\/types\/post"}],"author":[{"embeddable":true,"href":"http:\/\/koehli.de\/index.php?rest_route=\/wp\/v2\/users\/1"}],"replies":[{"embeddable":true,"href":"http:\/\/koehli.de\/index.php?rest_route=%2Fwp%2Fv2%2Fcomments&post=264"}],"version-history":[{"count":1,"href":"http:\/\/koehli.de\/index.php?rest_route=\/wp\/v2\/posts\/264\/revisions"}],"predecessor-version":[{"id":265,"href":"http:\/\/koehli.de\/index.php?rest_route=\/wp\/v2\/posts\/264\/revisions\/265"}],"wp:featuredmedia":[{"embeddable":true,"href":"http:\/\/koehli.de\/index.php?rest_route=\/wp\/v2\/media\/263"}],"wp:attachment":[{"href":"http:\/\/koehli.de\/index.php?rest_route=%2Fwp%2Fv2%2Fmedia&parent=264"}],"wp:term":[{"taxonomy":"category","embeddable":true,"href":"http:\/\/koehli.de\/index.php?rest_route=%2Fwp%2Fv2%2Fcategories&post=264"},{"taxonomy":"post_tag","embeddable":true,"href":"http:\/\/koehli.de\/index.php?rest_route=%2Fwp%2Fv2%2Ftags&post=264"}],"curies":[{"name":"wp","href":"https:\/\/api.w.org\/{rel}","templated":true}]}}