{"id":228,"date":"2017-07-03T17:01:36","date_gmt":"2017-07-03T17:01:36","guid":{"rendered":"http:\/\/koehli.de\/?p=228"},"modified":"2017-07-03T17:05:22","modified_gmt":"2017-07-03T17:05:22","slug":"rueckreise-der-10-tag","status":"publish","type":"post","link":"http:\/\/koehli.de\/?p=228","title":{"rendered":"R\u00fcckreise&#8230;. Der 10.Tag"},"content":{"rendered":"<p>Heute machten wir uns auf den R\u00fcckweg, der mit seinen knapp 18 km zwei Tage dauern wird. Mit so einem Zigeunerwagen werden Entfernungen pl\u00f6tzlich ganz anders definiert.<\/p>\n<p>Es geht wieder durch diese herrliche, irische Landschaft, vorbei an alten Gem\u00e4uern.&nbsp;<\/p>\n<p><a href=\"http:\/\/koehli.de\/wp-content\/uploads\/2017\/07\/wp-image-2125358155.jpg\"><img loading=\"lazy\" src=\"http:\/\/koehli.de\/wp-content\/uploads\/2017\/07\/wp-image-2125358155.jpg\" alt=\"\" class=\"wp-image-224 alignnone size-full\" width=\"426\" height=\"360\"><\/a><\/p>\n<p>Die ruhige Fahrt f\u00fchrt uns \u00fcber einige dieser uralt anmutenden B\u00fccken.<\/p>\n<p><img src=\"http:\/\/koehli.de\/wp-content\/uploads\/2017\/07\/wp-image-27026548.jpg\" class=\"wp-image-314 alignnone size-full\"><\/p>\n<p><span style=\"font-size: 16px;\">Alto hat ein bi\u00dfchen mit dem Wetter zu k\u00e4mpfen, &nbsp;es ist warm und bedeckt, ideales Wetter f\u00fcr Fliegen und Bremsen. Zum Gl\u00fcck ist uns zuf\u00e4llig unser Pferdewirt begegnet und der hat uns ein Spray gegeben mit dem es f\u00fcr Alto ertr\u00e4glicher wird.<\/span><\/p>\n<p><span style=\"font-size: 16px;\">Als wir an eine Biegung heran fahren, bleibt unser Pferd unvermittelt steht. Ein kurzer Blick um die Biegung zeigt den Grund, drei ausgeb\u00fcchste Schafe, &nbsp;die von einer Horde Menschen und einem Gel\u00e4ndewagen wieder in ihre angestammten Beherberung getrieben worden. Dann wartet man halt.<\/span><\/p>\n<p><a href=\"http:\/\/koehli.de\/wp-content\/uploads\/2017\/07\/wp-image-376901794.jpg\"><img loading=\"lazy\" src=\"http:\/\/koehli.de\/wp-content\/uploads\/2017\/07\/wp-image-376901794.jpg\" alt=\"\" class=\"wp-image-231 alignnone size-full\" width=\"468\" height=\"267\"><\/a><span style=\"font-size: 16px;\">Und immer wieder geht&#8217;s durch diese gr\u00fcnen Tunnel, es gibt hier einen herrlichen Bestand an alten B\u00e4umen.&nbsp;<\/span><br \/>\n<a href=\"http:\/\/koehli.de\/wp-content\/uploads\/2017\/07\/wp-image-586802107.jpg\"><img loading=\"lazy\" src=\"http:\/\/koehli.de\/wp-content\/uploads\/2017\/07\/wp-image-586802107.jpg\" alt=\"\" class=\"wp-image-225 alignnone size-full\" width=\"527\" height=\"360\"><\/a><\/p>\n<p>Unser letztes Lager schlagen wir an Phelan Pub in Ballinaclash auf. Wagen und Pferd haben einen guten Platz auf dem Feld und der Pub ist echt witzig.&nbsp;<\/p>\n<p><a href=\"http:\/\/koehli.de\/wp-content\/uploads\/2017\/07\/wp-image-2025976742.jpg\"><img loading=\"lazy\" src=\"http:\/\/koehli.de\/wp-content\/uploads\/2017\/07\/wp-image-2025976742.jpg\" alt=\"\" class=\"wp-image-226 alignnone size-full\" width=\"567\" height=\"324\"><\/a><span style=\"font-size: 16px;\">Man stelle sich einen Raum von ca. 40 qm vor in dessen Mitte eine kleine Bar bzw. Theke steht. Links der Theke ist ein klitzekleiner Kramerladen. Rechts ein Mini-Pub mit ca. 10 Pl\u00e4tzen.<\/span><\/p>\n<p><a href=\"http:\/\/koehli.de\/wp-content\/uploads\/2017\/07\/wp-image-1632119934.jpg\"><img loading=\"lazy\" src=\"http:\/\/koehli.de\/wp-content\/uploads\/2017\/07\/wp-image-1632119934.jpg\" alt=\"\" class=\"wp-image-227 alignnone size-full\" width=\"565\" height=\"348\"><\/a><span style=\"font-size: 16px;\">Das Etablissement ist so klein, man kann gar keine richtigen Bilder drin machen, aber es ist gem\u00fctlich und lt. Reisef\u00fchrer gibt es hier das am besten gezapfte Guinness. Ich werde es testen.<\/span><\/p>\n<p>Morgen geht&#8217;s dann zur\u00fcck auf den Pferdehof.&nbsp;<\/p>\n","protected":false},"excerpt":{"rendered":"<p>Heute machten wir uns auf den R\u00fcckweg, der mit seinen knapp 18 km zwei Tage dauern wird. Mit so einem &hellip; <a href=\"http:\/\/koehli.de\/?p=228\" class=\"tagdiv-more-link\">Read More<span class=\"screen-reader-text\"> &#8222;R\u00fcckreise&#8230;. Der 10.Tag&#8220;<\/span><\/a><\/p>\n","protected":false},"author":1,"featured_media":230,"comment_status":"closed","ping_status":"closed","sticky":false,"template":"","format":"standard","meta":[],"categories":[7],"tags":[],"_links":{"self":[{"href":"http:\/\/koehli.de\/index.php?rest_route=\/wp\/v2\/posts\/228"}],"collection":[{"href":"http:\/\/koehli.de\/index.php?rest_route=\/wp\/v2\/posts"}],"about":[{"href":"http:\/\/koehli.de\/index.php?rest_route=\/wp\/v2\/types\/post"}],"author":[{"embeddable":true,"href":"http:\/\/koehli.de\/index.php?rest_route=\/wp\/v2\/users\/1"}],"replies":[{"embeddable":true,"href":"http:\/\/koehli.de\/index.php?rest_route=%2Fwp%2Fv2%2Fcomments&post=228"}],"version-history":[{"count":2,"href":"http:\/\/koehli.de\/index.php?rest_route=\/wp\/v2\/posts\/228\/revisions"}],"predecessor-version":[{"id":232,"href":"http:\/\/koehli.de\/index.php?rest_route=\/wp\/v2\/posts\/228\/revisions\/232"}],"wp:featuredmedia":[{"embeddable":true,"href":"http:\/\/koehli.de\/index.php?rest_route=\/wp\/v2\/media\/230"}],"wp:attachment":[{"href":"http:\/\/koehli.de\/index.php?rest_route=%2Fwp%2Fv2%2Fmedia&parent=228"}],"wp:term":[{"taxonomy":"category","embeddable":true,"href":"http:\/\/koehli.de\/index.php?rest_route=%2Fwp%2Fv2%2Fcategories&post=228"},{"taxonomy":"post_tag","embeddable":true,"href":"http:\/\/koehli.de\/index.php?rest_route=%2Fwp%2Fv2%2Ftags&post=228"}],"curies":[{"name":"wp","href":"https:\/\/api.w.org\/{rel}","templated":true}]}}