{"id":110,"date":"2017-06-25T15:38:25","date_gmt":"2017-06-25T15:38:25","guid":{"rendered":"http:\/\/koehli.de\/?p=110"},"modified":"2017-06-25T15:38:42","modified_gmt":"2017-06-25T15:38:42","slug":"weiter-gehts-nach-frankreich","status":"publish","type":"post","link":"http:\/\/koehli.de\/?p=110","title":{"rendered":"Weiter geht&#8217;s&#8230;. Nach Frankreich\u00a0"},"content":{"rendered":"<p>Ausschlafen. Das war die bestimmende Aufgabe heute Morgen. Nach einem Fr\u00fchst\u00fcck aus Obst und Backwaren ging es erneut an den Strand. Es ist sehr windig aber dennoch angenehm warm.&nbsp;<\/p>\n<p>Kurz vor Mittag brachen wir dann auf nach Frankreich, genau nach Calais wo morgen fr\u00fch die F\u00e4hre abf\u00e4hrt. Ein kleiner Zwischenzeit in einem der zahlreichen kleinen k\u00fcstenahen St\u00e4dtchen zeigte ins den Charme der kleinen holl\u00e4ndischen \u00d6rtchen.<\/p>\n<p><a href=\"http:\/\/koehli.de\/wp-content\/uploads\/2017\/06\/dsc_01601042700886.jpg\"><img loading=\"lazy\" src=\"http:\/\/koehli.de\/wp-content\/uploads\/2017\/06\/dsc_01601042700886.jpg\" alt=\"\" class=\"wp-image-104 alignnone size-full\" width=\"2160\" height=\"3840\" srcset=\"http:\/\/koehli.de\/wp-content\/uploads\/2017\/06\/dsc_01601042700886.jpg 2160w, http:\/\/koehli.de\/wp-content\/uploads\/2017\/06\/dsc_01601042700886-169x300.jpg 169w, http:\/\/koehli.de\/wp-content\/uploads\/2017\/06\/dsc_01601042700886-768x1365.jpg 768w, http:\/\/koehli.de\/wp-content\/uploads\/2017\/06\/dsc_01601042700886-700x1244.jpg 700w, http:\/\/koehli.de\/wp-content\/uploads\/2017\/06\/dsc_01601042700886-152x270.jpg 152w\" sizes=\"(max-width: 2160px) 100vw, 2160px\" \/><\/a><\/p>\n<p>In Calais angekommen empfing uns eine Sperrung der gro\u00dfen Hauptstra\u00dfe, &nbsp;der Grund war ein Blasmusikfestival. So kommt man auch in einer fremden Stadt herum&#8230;. Das Navi will Hauptstra\u00dfe, &nbsp;die ist gesperrt und ganze Innenstadt besteht nur aus Einbahnstra\u00dfen.<\/p>\n<p><a href=\"http:\/\/koehli.de\/wp-content\/uploads\/2017\/06\/wp-image-1359182042.jpg\"><img loading=\"lazy\" src=\"http:\/\/koehli.de\/wp-content\/uploads\/2017\/06\/wp-image-1359182042.jpg\" alt=\"\" class=\"wp-image-109 alignnone size-full\" width=\"999\" height=\"562\"><\/a><\/p>\n<p>Calais ist nicht sch\u00f6n aber hat dennoch einige attraktive Pl\u00e4tze zu bieten.<\/p>\n<p><img src=\"http:\/\/koehli.de\/wp-content\/uploads\/2017\/06\/DSC_0166.jpg\" class=\"wp-image-51 alignnone size-full\"><\/p>\n<p><span style=\"font-size: 16px;\">Im Hotel angekommen, gibt&#8217;s Fussball Deutschland gegen Kamerun und das mit franz\u00f6sischem Kommentar, &nbsp;immernoch besser als Bela Rethy.&nbsp;<\/span><\/p>\n<p><img src=\"http:\/\/koehli.de\/wp-content\/uploads\/2017\/06\/wp-image-1743852490.jpg\" class=\"wp-image-73 alignnone size-full\"><span style=\"font-size: 16px;\"><br \/>\n<\/span><\/p>\n<p>Morgen geht&#8217;s bei Zeiten raus&#8230;. 9 Uhr geht die F\u00e4hre und es gilt 2 Stunden vorher da zu sein.<\/p>\n","protected":false},"excerpt":{"rendered":"<p>Ausschlafen. Das war die bestimmende Aufgabe heute Morgen. Nach einem Fr\u00fchst\u00fcck aus Obst und Backwaren ging es erneut an den &hellip; <a href=\"http:\/\/koehli.de\/?p=110\" class=\"tagdiv-more-link\">Read More<span class=\"screen-reader-text\"> &#8222;Weiter geht&#8217;s&#8230;. Nach Frankreich\u00a0&#8222;<\/span><\/a><\/p>\n","protected":false},"author":1,"featured_media":106,"comment_status":"closed","ping_status":"closed","sticky":false,"template":"","format":"standard","meta":[],"categories":[7],"tags":[],"_links":{"self":[{"href":"http:\/\/koehli.de\/index.php?rest_route=\/wp\/v2\/posts\/110"}],"collection":[{"href":"http:\/\/koehli.de\/index.php?rest_route=\/wp\/v2\/posts"}],"about":[{"href":"http:\/\/koehli.de\/index.php?rest_route=\/wp\/v2\/types\/post"}],"author":[{"embeddable":true,"href":"http:\/\/koehli.de\/index.php?rest_route=\/wp\/v2\/users\/1"}],"replies":[{"embeddable":true,"href":"http:\/\/koehli.de\/index.php?rest_route=%2Fwp%2Fv2%2Fcomments&post=110"}],"version-history":[{"count":1,"href":"http:\/\/koehli.de\/index.php?rest_route=\/wp\/v2\/posts\/110\/revisions"}],"predecessor-version":[{"id":111,"href":"http:\/\/koehli.de\/index.php?rest_route=\/wp\/v2\/posts\/110\/revisions\/111"}],"wp:featuredmedia":[{"embeddable":true,"href":"http:\/\/koehli.de\/index.php?rest_route=\/wp\/v2\/media\/106"}],"wp:attachment":[{"href":"http:\/\/koehli.de\/index.php?rest_route=%2Fwp%2Fv2%2Fmedia&parent=110"}],"wp:term":[{"taxonomy":"category","embeddable":true,"href":"http:\/\/koehli.de\/index.php?rest_route=%2Fwp%2Fv2%2Fcategories&post=110"},{"taxonomy":"post_tag","embeddable":true,"href":"http:\/\/koehli.de\/index.php?rest_route=%2Fwp%2Fv2%2Ftags&post=110"}],"curies":[{"name":"wp","href":"https:\/\/api.w.org\/{rel}","templated":true}]}}